{"id":763,"date":"2022-09-14T13:08:55","date_gmt":"2022-09-14T13:08:55","guid":{"rendered":"https:\/\/environmentalchange.erasmus.site\/?p=763"},"modified":"2022-09-14T13:08:55","modified_gmt":"2022-09-14T13:08:55","slug":"towards-biodiversity-and-ecological-transformation-of-companies","status":"publish","type":"post","link":"https:\/\/environmentalchange.erasmus.site\/es\/towards-biodiversity-and-ecological-transformation-of-companies\/","title":{"rendered":"Hacia la biodiversidad y la transformaci\u00f3n ecol\u00f3gica de las empresas"},"content":{"rendered":"<p>Hoy en d\u00eda, es muy com\u00fan o\u00edr hablar de empresas sostenibles. En la mayor\u00eda de los casos, se trata de empresas de nueva creaci\u00f3n que intentan seguir pol\u00edticas medioambientales para que sus actividades laborales tengan un menor impacto en el planeta. Sin embargo, toda empresa puede transformarse ecol\u00f3gicamente y, es el momento de hacerlo, no s\u00f3lo por el bien del planeta sino tambi\u00e9n por la rentabilidad de la propia organizaci\u00f3n. Esto es esencial para que la empresa perdure en el tiempo.<\/p>\n<p>A continuaci\u00f3n, algunas ideas de por qu\u00e9 la sostenibilidad y la circularidad son rentables para las empresas:<\/p>\n<ol>\n<li>La sostenibilidad es la supervivencia de la organizaci\u00f3n en el tiempo.<\/li>\n<li>La sostenibilidad es la diferenciaci\u00f3n, la ventaja competitiva frente a los competidores.<\/li>\n<li>La sostenibilidad es eficiencia en t\u00e9rminos de recursos (ahorro de energ\u00eda, agua, materiales, etc.) y, por tanto, en la cuenta de resultados.<\/li>\n<li>La sostenibilidad es conexi\u00f3n con el consumidor, mejorando la reputaci\u00f3n de la marca y logrando una mayor fidelidad de los clientes.<\/li>\n<li>La sostenibilidad es competitividad y retroceso en la cadena de suministro.<\/li>\n<li>La sostenibilidad es liderazgo, siendo m\u00e1s popular y, a su vez, atrayendo y reteniendo a los mejores trabajadores.<\/li>\n<\/ol>\n<p>Adem\u00e1s de estas razones, es importante recordar a las empresas que no son instituciones ajenas a la sociedad. Al contrario, son organizaciones que pueden provocar cambios, transformar, innovar y renovar las din\u00e1micas sociales y medioambientales. \u00bfNo estar\u00edas dispuesto a sumarte a este cambio? \u00bfQu\u00e9 har\u00edas para mejorar el mundo?<\/p>\n<p>Recuerda que el futuro se crea con lo que haces hoy, no ma\u00f1ana.<\/p>","protected":false},"excerpt":{"rendered":"<p>Hoy en d\u00eda, es muy com\u00fan o\u00edr hablar de empresas sostenibles. En la mayor\u00eda de los casos, se trata de empresas de nueva creaci\u00f3n que intentan seguir pol\u00edticas medioambientales para que sus actividades laborales tengan un menor impacto en el planeta. Sin embargo, toda empresa puede transformarse ecol\u00f3gicamente y, es el momento de hacerlo, no&hellip;&nbsp;<a href=\"https:\/\/environmentalchange.erasmus.site\/es\/towards-biodiversity-and-ecological-transformation-of-companies\/\" rel=\"bookmark\">Leer m\u00e1s &raquo;<span class=\"screen-reader-text\">Hacia la biodiversidad y la transformaci\u00f3n ecol\u00f3gica de las empresas<\/span><\/a><\/p>\n","protected":false},"author":1,"featured_media":764,"comment_status":"closed","ping_status":"closed","sticky":false,"template":"","format":"standard","meta":{"neve_meta_sidebar":"","neve_meta_container":"","neve_meta_enable_content_width":"off","neve_meta_content_width":70,"neve_meta_title_alignment":"","neve_meta_author_avatar":"","neve_post_elements_order":"","neve_meta_disable_header":"","neve_meta_disable_footer":"","neve_meta_disable_title":"","footnotes":""},"categories":[1],"tags":[],"class_list":["post-763","post","type-post","status-publish","format-standard","has-post-thumbnail","hentry","category-news"],"yoast_head":"<!-- This site is optimized with the Yoast SEO plugin v27.5 - https:\/\/yoast.com\/product\/yoast-seo-wordpress\/ -->\n<title>Hacia la biodiversidad y la transformaci\u00f3n ecol\u00f3gica de las empresas - Environmental change<\/title>\n<meta name=\"robots\" content=\"index, follow, max-snippet:-1, max-image-preview:large, max-video-preview:-1\" \/>\n<link rel=\"canonical\" href=\"https:\/\/environmentalchange.erasmus.site\/towards-biodiversity-and-ecological-transformation-of-companies\/\" \/>\n<meta property=\"og:locale\" content=\"es_ES\" \/>\n<meta property=\"og:type\" content=\"article\" \/>\n<meta property=\"og:title\" content=\"[:en]Towards biodiversity and ecological transformation of companies[:pt]Empresas no caminho da biodiversidade e transforma\u00e7\u00e3o ecol\u00f3gic[:pl]W stron\u0119 bior\u00f3\u017cnorodno\u015bci i ekologicznej transformacji firm[:es]Hacia la biodiversidad y la transformaci\u00f3n ecol\u00f3gica de las empresas[:el]\u0395\u03bd\u03af\u03c3\u03c7\u03c5\u03c3\u03b7 \u03c4\u03b7\u03c2 \u03b2\u03b9\u03bf\u03c0\u03bf\u03b9\u03ba\u03b9\u03bb\u03cc\u03c4\u03b7\u03c4\u03b1\u03c2 \u03ba\u03b1\u03b9 \u03bf\u03b9\u03ba\u03bf\u03bb\u03bf\u03b3\u03b9\u03ba\u03cc\u03c2 \u03bc\u03b5\u03c4\u03b1\u03c3\u03c7\u03b7\u03bc\u03b1\u03c4\u03b9\u03c3\u03bc\u03cc\u03c2 \u03c4\u03c9\u03bd \u03b5\u03c0\u03b9\u03c7\u03b5\u03b9\u03c1\u03ae\u03c3\u03b5\u03c9\u03bd[:si]Krepitev biotske raznovrstnosti in ekolo\u0161ke preobrazbe podjetij[:] - Environmental change\" \/>\n<meta property=\"og:description\" content=\"Hoy en d\u00eda, es muy com\u00fan o\u00edr hablar de empresas sostenibles. En la mayor\u00eda de los casos, se trata de empresas de nueva creaci\u00f3n que intentan seguir pol\u00edticas medioambientales para que sus actividades laborales tengan un menor impacto en el planeta. Sin embargo, toda empresa puede transformarse ecol\u00f3gicamente y, es el momento de hacerlo, no&hellip;&nbsp;Leer m\u00e1s &raquo;Hacia la biodiversidad y la transformaci\u00f3n ecol\u00f3gica de las empresas\" \/>\n<meta property=\"og:url\" content=\"https:\/\/environmentalchange.erasmus.site\/towards-biodiversity-and-ecological-transformation-of-companies\/\" \/>\n<meta property=\"og:site_name\" content=\"Environmental change\" \/>\n<meta property=\"article:published_time\" content=\"2022-09-14T13:08:55+00:00\" \/>\n<meta property=\"og:image\" content=\"https:\/\/environmentalchange.erasmus.site\/wp-content\/uploads\/2022\/09\/news1-scaled.jpg\" \/>\n\t<meta property=\"og:image:width\" content=\"2560\" \/>\n\t<meta property=\"og:image:height\" content=\"1709\" \/>\n\t<meta property=\"og:image:type\" content=\"image\/jpeg\" \/>\n<meta name=\"author\" content=\"admin\" \/>\n<meta name=\"twitter:card\" content=\"summary_large_image\" \/>\n<meta name=\"twitter:label1\" content=\"Escrito por\" \/>\n\t<meta name=\"twitter:data1\" content=\"admin\" \/>\n\t<meta name=\"twitter:label2\" content=\"Tiempo de lectura\" \/>\n\t<meta name=\"twitter:data2\" content=\"1 minuto\" \/>\n<script type=\"application\/ld+json\" class=\"yoast-schema-graph\">{\"@context\":\"https:\\\/\\\/schema.org\",\"@graph\":[{\"@type\":\"Article\",\"@id\":\"https:\\\/\\\/environmentalchange.erasmus.site\\\/towards-biodiversity-and-ecological-transformation-of-companies\\\/#article\",\"isPartOf\":{\"@id\":\"https:\\\/\\\/environmentalchange.erasmus.site\\\/towards-biodiversity-and-ecological-transformation-of-companies\\\/\"},\"author\":{\"name\":\"admin\",\"@id\":\"https:\\\/\\\/environmentalchange.erasmus.site\\\/#\\\/schema\\\/person\\\/60c6ccd7b3094a47a43fc3d2f6d7f9ed\"},\"headline\":\"Hacia la biodiversidad y la transformaci\u00f3n ecol\u00f3gica de las empresas\",\"datePublished\":\"2022-09-14T13:08:55+00:00\",\"mainEntityOfPage\":{\"@id\":\"https:\\\/\\\/environmentalchange.erasmus.site\\\/towards-biodiversity-and-ecological-transformation-of-companies\\\/\"},\"wordCount\":1299,\"publisher\":{\"@id\":\"https:\\\/\\\/environmentalchange.erasmus.site\\\/#organization\"},\"image\":{\"@id\":\"https:\\\/\\\/environmentalchange.erasmus.site\\\/towards-biodiversity-and-ecological-transformation-of-companies\\\/#primaryimage\"},\"thumbnailUrl\":\"https:\\\/\\\/environmentalchange.erasmus.site\\\/wp-content\\\/uploads\\\/2022\\\/09\\\/news1-scaled.jpg\",\"articleSection\":[\"News\"],\"inLanguage\":\"es\"},{\"@type\":\"WebPage\",\"@id\":\"https:\\\/\\\/environmentalchange.erasmus.site\\\/towards-biodiversity-and-ecological-transformation-of-companies\\\/\",\"url\":\"https:\\\/\\\/environmentalchange.erasmus.site\\\/towards-biodiversity-and-ecological-transformation-of-companies\\\/\",\"name\":\"[:en]Towards biodiversity and ecological transformation of companies[:pt]Empresas no caminho da biodiversidade e transforma\u00e7\u00e3o ecol\u00f3gic[:pl]W stron\u0119 bior\u00f3\u017cnorodno\u015bci i ekologicznej transformacji firm[:es]Hacia la biodiversidad y la transformaci\u00f3n ecol\u00f3gica de las empresas[:el]\u0395\u03bd\u03af\u03c3\u03c7\u03c5\u03c3\u03b7 \u03c4\u03b7\u03c2 \u03b2\u03b9\u03bf\u03c0\u03bf\u03b9\u03ba\u03b9\u03bb\u03cc\u03c4\u03b7\u03c4\u03b1\u03c2 \u03ba\u03b1\u03b9 \u03bf\u03b9\u03ba\u03bf\u03bb\u03bf\u03b3\u03b9\u03ba\u03cc\u03c2 \u03bc\u03b5\u03c4\u03b1\u03c3\u03c7\u03b7\u03bc\u03b1\u03c4\u03b9\u03c3\u03bc\u03cc\u03c2 \u03c4\u03c9\u03bd \u03b5\u03c0\u03b9\u03c7\u03b5\u03b9\u03c1\u03ae\u03c3\u03b5\u03c9\u03bd[:si]Krepitev biotske raznovrstnosti in ekolo\u0161ke preobrazbe podjetij[:] - Environmental change\",\"isPartOf\":{\"@id\":\"https:\\\/\\\/environmentalchange.erasmus.site\\\/#website\"},\"primaryImageOfPage\":{\"@id\":\"https:\\\/\\\/environmentalchange.erasmus.site\\\/towards-biodiversity-and-ecological-transformation-of-companies\\\/#primaryimage\"},\"image\":{\"@id\":\"https:\\\/\\\/environmentalchange.erasmus.site\\\/towards-biodiversity-and-ecological-transformation-of-companies\\\/#primaryimage\"},\"thumbnailUrl\":\"https:\\\/\\\/environmentalchange.erasmus.site\\\/wp-content\\\/uploads\\\/2022\\\/09\\\/news1-scaled.jpg\",\"datePublished\":\"2022-09-14T13:08:55+00:00\",\"breadcrumb\":{\"@id\":\"https:\\\/\\\/environmentalchange.erasmus.site\\\/towards-biodiversity-and-ecological-transformation-of-companies\\\/#breadcrumb\"},\"inLanguage\":\"es\",\"potentialAction\":[{\"@type\":\"ReadAction\",\"target\":[\"https:\\\/\\\/environmentalchange.erasmus.site\\\/towards-biodiversity-and-ecological-transformation-of-companies\\\/\"]}]},{\"@type\":\"ImageObject\",\"inLanguage\":\"es\",\"@id\":\"https:\\\/\\\/environmentalchange.erasmus.site\\\/towards-biodiversity-and-ecological-transformation-of-companies\\\/#primaryimage\",\"url\":\"https:\\\/\\\/environmentalchange.erasmus.site\\\/wp-content\\\/uploads\\\/2022\\\/09\\\/news1-scaled.jpg\",\"contentUrl\":\"https:\\\/\\\/environmentalchange.erasmus.site\\\/wp-content\\\/uploads\\\/2022\\\/09\\\/news1-scaled.jpg\",\"width\":2560,\"height\":1709,\"caption\":\"Group of People Holding Recycling Sign Concept\"},{\"@type\":\"BreadcrumbList\",\"@id\":\"https:\\\/\\\/environmentalchange.erasmus.site\\\/towards-biodiversity-and-ecological-transformation-of-companies\\\/#breadcrumb\",\"itemListElement\":[{\"@type\":\"ListItem\",\"position\":1,\"name\":\"Home\",\"item\":\"https:\\\/\\\/environmentalchange.erasmus.site\\\/\"},{\"@type\":\"ListItem\",\"position\":2,\"name\":\"Towards biodiversity and ecological transformation of companies\"}]},{\"@type\":\"WebSite\",\"@id\":\"https:\\\/\\\/environmentalchange.erasmus.site\\\/#website\",\"url\":\"https:\\\/\\\/environmentalchange.erasmus.site\\\/\",\"name\":\"Environmental change\",\"description\":\"Project\",\"publisher\":{\"@id\":\"https:\\\/\\\/environmentalchange.erasmus.site\\\/#organization\"},\"potentialAction\":[{\"@type\":\"SearchAction\",\"target\":{\"@type\":\"EntryPoint\",\"urlTemplate\":\"https:\\\/\\\/environmentalchange.erasmus.site\\\/?s={search_term_string}\"},\"query-input\":{\"@type\":\"PropertyValueSpecification\",\"valueRequired\":true,\"valueName\":\"search_term_string\"}}],\"inLanguage\":\"es\"},{\"@type\":\"Organization\",\"@id\":\"https:\\\/\\\/environmentalchange.erasmus.site\\\/#organization\",\"name\":\"Environmental Change\",\"url\":\"https:\\\/\\\/environmentalchange.erasmus.site\\\/\",\"logo\":{\"@type\":\"ImageObject\",\"inLanguage\":\"es\",\"@id\":\"https:\\\/\\\/environmentalchange.erasmus.site\\\/#\\\/schema\\\/logo\\\/image\\\/\",\"url\":\"https:\\\/\\\/environmentalchange.erasmus.site\\\/wp-content\\\/uploads\\\/2021\\\/04\\\/cropped-logoenv-removebg-preview.png\",\"contentUrl\":\"https:\\\/\\\/environmentalchange.erasmus.site\\\/wp-content\\\/uploads\\\/2021\\\/04\\\/cropped-logoenv-removebg-preview.png\",\"width\":969,\"height\":248,\"caption\":\"Environmental Change\"},\"image\":{\"@id\":\"https:\\\/\\\/environmentalchange.erasmus.site\\\/#\\\/schema\\\/logo\\\/image\\\/\"}},{\"@type\":\"Person\",\"@id\":\"https:\\\/\\\/environmentalchange.erasmus.site\\\/#\\\/schema\\\/person\\\/60c6ccd7b3094a47a43fc3d2f6d7f9ed\",\"name\":\"admin\",\"image\":{\"@type\":\"ImageObject\",\"inLanguage\":\"es\",\"@id\":\"https:\\\/\\\/secure.gravatar.com\\\/avatar\\\/076772c12e93fdd45e8c73cef60795e6ad4fd0496713a05fa168e1abd2235bd6?s=96&d=mm&r=g\",\"url\":\"https:\\\/\\\/secure.gravatar.com\\\/avatar\\\/076772c12e93fdd45e8c73cef60795e6ad4fd0496713a05fa168e1abd2235bd6?s=96&d=mm&r=g\",\"contentUrl\":\"https:\\\/\\\/secure.gravatar.com\\\/avatar\\\/076772c12e93fdd45e8c73cef60795e6ad4fd0496713a05fa168e1abd2235bd6?s=96&d=mm&r=g\",\"caption\":\"admin\"},\"sameAs\":[\"https:\\\/\\\/environmentalchange.erasmus.site\"]}]}<\/script>\n<!-- \/ Yoast SEO plugin. -->","yoast_head_json":{"title":"[:en]Towards biodiversity and ecological transformation of companies[:pt]Empresas no caminho da biodiversidade e transforma\u00e7\u00e3o ecol\u00f3gic[:pl]W stron\u0119 bior\u00f3\u017cnorodno\u015bci i ekologicznej transformacji firm[:es]Hacia la biodiversidad y la transformaci\u00f3n ecol\u00f3gica de las empresas[:el]\u0395\u03bd\u03af\u03c3\u03c7\u03c5\u03c3\u03b7 \u03c4\u03b7\u03c2 \u03b2\u03b9\u03bf\u03c0\u03bf\u03b9\u03ba\u03b9\u03bb\u03cc\u03c4\u03b7\u03c4\u03b1\u03c2 \u03ba\u03b1\u03b9 \u03bf\u03b9\u03ba\u03bf\u03bb\u03bf\u03b3\u03b9\u03ba\u03cc\u03c2 \u03bc\u03b5\u03c4\u03b1\u03c3\u03c7\u03b7\u03bc\u03b1\u03c4\u03b9\u03c3\u03bc\u03cc\u03c2 \u03c4\u03c9\u03bd \u03b5\u03c0\u03b9\u03c7\u03b5\u03b9\u03c1\u03ae\u03c3\u03b5\u03c9\u03bd[:si]Krepitev biotske raznovrstnosti in ekolo\u0161ke preobrazbe podjetij[:] - Environmental change","robots":{"index":"index","follow":"follow","max-snippet":"max-snippet:-1","max-image-preview":"max-image-preview:large","max-video-preview":"max-video-preview:-1"},"canonical":"https:\/\/environmentalchange.erasmus.site\/towards-biodiversity-and-ecological-transformation-of-companies\/","og_locale":"es_ES","og_type":"article","og_title":"[:en]Towards biodiversity and ecological transformation of companies[:pt]Empresas no caminho da biodiversidade e transforma\u00e7\u00e3o ecol\u00f3gic[:pl]W stron\u0119 bior\u00f3\u017cnorodno\u015bci i ekologicznej transformacji firm[:es]Hacia la biodiversidad y la transformaci\u00f3n ecol\u00f3gica de las empresas[:el]\u0395\u03bd\u03af\u03c3\u03c7\u03c5\u03c3\u03b7 \u03c4\u03b7\u03c2 \u03b2\u03b9\u03bf\u03c0\u03bf\u03b9\u03ba\u03b9\u03bb\u03cc\u03c4\u03b7\u03c4\u03b1\u03c2 \u03ba\u03b1\u03b9 \u03bf\u03b9\u03ba\u03bf\u03bb\u03bf\u03b3\u03b9\u03ba\u03cc\u03c2 \u03bc\u03b5\u03c4\u03b1\u03c3\u03c7\u03b7\u03bc\u03b1\u03c4\u03b9\u03c3\u03bc\u03cc\u03c2 \u03c4\u03c9\u03bd \u03b5\u03c0\u03b9\u03c7\u03b5\u03b9\u03c1\u03ae\u03c3\u03b5\u03c9\u03bd[:si]Krepitev biotske raznovrstnosti in ekolo\u0161ke preobrazbe podjetij[:] - Environmental change","og_description":"Hoy en d\u00eda, es muy com\u00fan o\u00edr hablar de empresas sostenibles. En la mayor\u00eda de los casos, se trata de empresas de nueva creaci\u00f3n que intentan seguir pol\u00edticas medioambientales para que sus actividades laborales tengan un menor impacto en el planeta. Sin embargo, toda empresa puede transformarse ecol\u00f3gicamente y, es el momento de hacerlo, no&hellip;&nbsp;Leer m\u00e1s &raquo;Hacia la biodiversidad y la transformaci\u00f3n ecol\u00f3gica de las empresas","og_url":"https:\/\/environmentalchange.erasmus.site\/towards-biodiversity-and-ecological-transformation-of-companies\/","og_site_name":"Environmental change","article_published_time":"2022-09-14T13:08:55+00:00","og_image":[{"width":2560,"height":1709,"url":"https:\/\/environmentalchange.erasmus.site\/wp-content\/uploads\/2022\/09\/news1-scaled.jpg","type":"image\/jpeg"}],"author":"admin","twitter_card":"summary_large_image","twitter_misc":{"Escrito por":"admin","Tiempo de lectura":"1 minuto"},"schema":{"@context":"https:\/\/schema.org","@graph":[{"@type":"Article","@id":"https:\/\/environmentalchange.erasmus.site\/towards-biodiversity-and-ecological-transformation-of-companies\/#article","isPartOf":{"@id":"https:\/\/environmentalchange.erasmus.site\/towards-biodiversity-and-ecological-transformation-of-companies\/"},"author":{"name":"admin","@id":"https:\/\/environmentalchange.erasmus.site\/#\/schema\/person\/60c6ccd7b3094a47a43fc3d2f6d7f9ed"},"headline":"Hacia la biodiversidad y la transformaci\u00f3n ecol\u00f3gica de las empresas","datePublished":"2022-09-14T13:08:55+00:00","mainEntityOfPage":{"@id":"https:\/\/environmentalchange.erasmus.site\/towards-biodiversity-and-ecological-transformation-of-companies\/"},"wordCount":1299,"publisher":{"@id":"https:\/\/environmentalchange.erasmus.site\/#organization"},"image":{"@id":"https:\/\/environmentalchange.erasmus.site\/towards-biodiversity-and-ecological-transformation-of-companies\/#primaryimage"},"thumbnailUrl":"https:\/\/environmentalchange.erasmus.site\/wp-content\/uploads\/2022\/09\/news1-scaled.jpg","articleSection":["News"],"inLanguage":"es"},{"@type":"WebPage","@id":"https:\/\/environmentalchange.erasmus.site\/towards-biodiversity-and-ecological-transformation-of-companies\/","url":"https:\/\/environmentalchange.erasmus.site\/towards-biodiversity-and-ecological-transformation-of-companies\/","name":"[:en]Towards biodiversity and ecological transformation of companies[:pt]Empresas no caminho da biodiversidade e transforma\u00e7\u00e3o ecol\u00f3gic[:pl]W stron\u0119 bior\u00f3\u017cnorodno\u015bci i ekologicznej transformacji firm[:es]Hacia la biodiversidad y la transformaci\u00f3n ecol\u00f3gica de las empresas[:el]\u0395\u03bd\u03af\u03c3\u03c7\u03c5\u03c3\u03b7 \u03c4\u03b7\u03c2 \u03b2\u03b9\u03bf\u03c0\u03bf\u03b9\u03ba\u03b9\u03bb\u03cc\u03c4\u03b7\u03c4\u03b1\u03c2 \u03ba\u03b1\u03b9 \u03bf\u03b9\u03ba\u03bf\u03bb\u03bf\u03b3\u03b9\u03ba\u03cc\u03c2 \u03bc\u03b5\u03c4\u03b1\u03c3\u03c7\u03b7\u03bc\u03b1\u03c4\u03b9\u03c3\u03bc\u03cc\u03c2 \u03c4\u03c9\u03bd \u03b5\u03c0\u03b9\u03c7\u03b5\u03b9\u03c1\u03ae\u03c3\u03b5\u03c9\u03bd[:si]Krepitev biotske raznovrstnosti in ekolo\u0161ke preobrazbe podjetij[:] - Environmental change","isPartOf":{"@id":"https:\/\/environmentalchange.erasmus.site\/#website"},"primaryImageOfPage":{"@id":"https:\/\/environmentalchange.erasmus.site\/towards-biodiversity-and-ecological-transformation-of-companies\/#primaryimage"},"image":{"@id":"https:\/\/environmentalchange.erasmus.site\/towards-biodiversity-and-ecological-transformation-of-companies\/#primaryimage"},"thumbnailUrl":"https:\/\/environmentalchange.erasmus.site\/wp-content\/uploads\/2022\/09\/news1-scaled.jpg","datePublished":"2022-09-14T13:08:55+00:00","breadcrumb":{"@id":"https:\/\/environmentalchange.erasmus.site\/towards-biodiversity-and-ecological-transformation-of-companies\/#breadcrumb"},"inLanguage":"es","potentialAction":[{"@type":"ReadAction","target":["https:\/\/environmentalchange.erasmus.site\/towards-biodiversity-and-ecological-transformation-of-companies\/"]}]},{"@type":"ImageObject","inLanguage":"es","@id":"https:\/\/environmentalchange.erasmus.site\/towards-biodiversity-and-ecological-transformation-of-companies\/#primaryimage","url":"https:\/\/environmentalchange.erasmus.site\/wp-content\/uploads\/2022\/09\/news1-scaled.jpg","contentUrl":"https:\/\/environmentalchange.erasmus.site\/wp-content\/uploads\/2022\/09\/news1-scaled.jpg","width":2560,"height":1709,"caption":"Group of People Holding Recycling Sign Concept"},{"@type":"BreadcrumbList","@id":"https:\/\/environmentalchange.erasmus.site\/towards-biodiversity-and-ecological-transformation-of-companies\/#breadcrumb","itemListElement":[{"@type":"ListItem","position":1,"name":"Home","item":"https:\/\/environmentalchange.erasmus.site\/"},{"@type":"ListItem","position":2,"name":"Towards biodiversity and ecological transformation of companies"}]},{"@type":"WebSite","@id":"https:\/\/environmentalchange.erasmus.site\/#website","url":"https:\/\/environmentalchange.erasmus.site\/","name":"Environmental change","description":"Project","publisher":{"@id":"https:\/\/environmentalchange.erasmus.site\/#organization"},"potentialAction":[{"@type":"SearchAction","target":{"@type":"EntryPoint","urlTemplate":"https:\/\/environmentalchange.erasmus.site\/?s={search_term_string}"},"query-input":{"@type":"PropertyValueSpecification","valueRequired":true,"valueName":"search_term_string"}}],"inLanguage":"es"},{"@type":"Organization","@id":"https:\/\/environmentalchange.erasmus.site\/#organization","name":"Environmental Change","url":"https:\/\/environmentalchange.erasmus.site\/","logo":{"@type":"ImageObject","inLanguage":"es","@id":"https:\/\/environmentalchange.erasmus.site\/#\/schema\/logo\/image\/","url":"https:\/\/environmentalchange.erasmus.site\/wp-content\/uploads\/2021\/04\/cropped-logoenv-removebg-preview.png","contentUrl":"https:\/\/environmentalchange.erasmus.site\/wp-content\/uploads\/2021\/04\/cropped-logoenv-removebg-preview.png","width":969,"height":248,"caption":"Environmental Change"},"image":{"@id":"https:\/\/environmentalchange.erasmus.site\/#\/schema\/logo\/image\/"}},{"@type":"Person","@id":"https:\/\/environmentalchange.erasmus.site\/#\/schema\/person\/60c6ccd7b3094a47a43fc3d2f6d7f9ed","name":"admin","image":{"@type":"ImageObject","inLanguage":"es","@id":"https:\/\/secure.gravatar.com\/avatar\/076772c12e93fdd45e8c73cef60795e6ad4fd0496713a05fa168e1abd2235bd6?s=96&d=mm&r=g","url":"https:\/\/secure.gravatar.com\/avatar\/076772c12e93fdd45e8c73cef60795e6ad4fd0496713a05fa168e1abd2235bd6?s=96&d=mm&r=g","contentUrl":"https:\/\/secure.gravatar.com\/avatar\/076772c12e93fdd45e8c73cef60795e6ad4fd0496713a05fa168e1abd2235bd6?s=96&d=mm&r=g","caption":"admin"},"sameAs":["https:\/\/environmentalchange.erasmus.site"]}]}},"_links":{"self":[{"href":"https:\/\/environmentalchange.erasmus.site\/es\/wp-json\/wp\/v2\/posts\/763","targetHints":{"allow":["GET"]}}],"collection":[{"href":"https:\/\/environmentalchange.erasmus.site\/es\/wp-json\/wp\/v2\/posts"}],"about":[{"href":"https:\/\/environmentalchange.erasmus.site\/es\/wp-json\/wp\/v2\/types\/post"}],"author":[{"embeddable":true,"href":"https:\/\/environmentalchange.erasmus.site\/es\/wp-json\/wp\/v2\/users\/1"}],"replies":[{"embeddable":true,"href":"https:\/\/environmentalchange.erasmus.site\/es\/wp-json\/wp\/v2\/comments?post=763"}],"version-history":[{"count":1,"href":"https:\/\/environmentalchange.erasmus.site\/es\/wp-json\/wp\/v2\/posts\/763\/revisions"}],"predecessor-version":[{"id":765,"href":"https:\/\/environmentalchange.erasmus.site\/es\/wp-json\/wp\/v2\/posts\/763\/revisions\/765"}],"wp:featuredmedia":[{"embeddable":true,"href":"https:\/\/environmentalchange.erasmus.site\/es\/wp-json\/wp\/v2\/media\/764"}],"wp:attachment":[{"href":"https:\/\/environmentalchange.erasmus.site\/es\/wp-json\/wp\/v2\/media?parent=763"}],"wp:term":[{"taxonomy":"category","embeddable":true,"href":"https:\/\/environmentalchange.erasmus.site\/es\/wp-json\/wp\/v2\/categories?post=763"},{"taxonomy":"post_tag","embeddable":true,"href":"https:\/\/environmentalchange.erasmus.site\/es\/wp-json\/wp\/v2\/tags?post=763"}],"curies":[{"name":"wp","href":"https:\/\/api.w.org\/{rel}","templated":true}]}}